{"id":680,"date":"2023-03-04T06:51:25","date_gmt":"2023-03-04T05:51:25","guid":{"rendered":"https:\/\/biostation-hagen.de\/wp\/?p=680"},"modified":"2023-03-04T06:51:25","modified_gmt":"2023-03-04T05:51:25","slug":"doppelvortrag-hagens-vielfaeltige-unterwelt-und-aufbrueche-von-winterquartieren","status":"publish","type":"post","link":"https:\/\/biostation-hagen.de\/wp\/doppelvortrag-hagens-vielfaeltige-unterwelt-und-aufbrueche-von-winterquartieren\/","title":{"rendered":"Doppelvortrag: &#8222;Hagens vielf\u00e4ltige Unterwelt&#8220; und &#8222;Aufbr\u00fcche von Winterquartieren&#8220;"},"content":{"rendered":"\n<p><\/p>\n\n\n\n<div class=\"wp-block-media-text alignwide is-stacked-on-mobile\"><figure class=\"wp-block-media-text__media\"><img loading=\"lazy\" decoding=\"async\" width=\"1024\" height=\"768\" src=\"https:\/\/biostation-hagen.de\/wp\/wp-content\/uploads\/2023\/03\/20180122_124352-1024x768.jpg\" alt=\"\" class=\"wp-image-720 size-full\" srcset=\"https:\/\/biostation-hagen.de\/wp\/wp-content\/uploads\/2023\/03\/20180122_124352-1024x768.jpg 1024w, https:\/\/biostation-hagen.de\/wp\/wp-content\/uploads\/2023\/03\/20180122_124352-300x225.jpg 300w, https:\/\/biostation-hagen.de\/wp\/wp-content\/uploads\/2023\/03\/20180122_124352-768x576.jpg 768w, https:\/\/biostation-hagen.de\/wp\/wp-content\/uploads\/2023\/03\/20180122_124352-1536x1152.jpg 1536w, https:\/\/biostation-hagen.de\/wp\/wp-content\/uploads\/2023\/03\/20180122_124352-2048x1536.jpg 2048w, https:\/\/biostation-hagen.de\/wp\/wp-content\/uploads\/2023\/03\/20180122_124352-1568x1176.jpg 1568w\" sizes=\"auto, (max-width: 1024px) 100vw, 1024px\" \/><\/figure><div class=\"wp-block-media-text__content\">\n<p class=\"has-large-font-size\"><\/p>\n<\/div><\/div>\n\n\n\n<p><\/p>\n\n\n\n<p><strong>SAMSTAG, 01. April 2023 VON 16:00 BIS 18:00<\/strong><\/p>\n\n\n\n<p>Auch wenn beide Titel suggerieren, dass es sich bei beiden Vortr\u00e4gen um Kriminalit\u00e4t in Hagen dreht, geht es um Flederm\u00e4use. <\/p>\n\n\n\n<p>In Zusammenarbeit mit dem NABU Hagen stellt Franco Cassese die Vielfalt der \u00dcberwinterungsquartiere im Hagener Raum vor, darauffolgend zeigt Stefan G\u00f6tze die Vielfalt der Aufbruchversuche solcher Quartiere mit der Fledermaussch\u00fctzer zu k\u00e4mpfen haben. <\/p>\n\n\n\n<p>Die Veranstaltung ist kostenlos bzw. gegen Spende<\/p>\n\n\n\n<p>Da das Platzangebot im Seminarraum begrenzt ist, bitten wir um eine Anmeldung \u00fcber den NABU Hagen <a href=\"https:\/\/forms.gle\/WQaYUp52gVcNhYnL6\">https:\/\/forms.gle\/WQaYUp52gVcNhYnL6<\/a><\/p>\n","protected":false},"excerpt":{"rendered":"<p>SAMSTAG, 01. April 2023 VON 16:00 BIS 18:00 Auch wenn beide Titel suggerieren, dass es sich bei beiden Vortr\u00e4gen um Kriminalit\u00e4t in Hagen dreht, geht es um Flederm\u00e4use. In Zusammenarbeit mit dem NABU Hagen stellt Franco Cassese die Vielfalt der \u00dcberwinterungsquartiere im Hagener Raum vor, darauffolgend zeigt Stefan G\u00f6tze die Vielfalt der Aufbruchversuche solcher Quartiere&hellip; <a class=\"more-link\" href=\"https:\/\/biostation-hagen.de\/wp\/doppelvortrag-hagens-vielfaeltige-unterwelt-und-aufbrueche-von-winterquartieren\/\"><span class=\"screen-reader-text\">Doppelvortrag: &#8222;Hagens vielf\u00e4ltige Unterwelt&#8220; und &#8222;Aufbr\u00fcche von Winterquartieren&#8220;<\/span> weiterlesen<\/a><\/p>\n","protected":false},"author":3,"featured_media":657,"comment_status":"closed","ping_status":"open","sticky":false,"template":"","format":"standard","meta":{"footnotes":""},"categories":[1],"tags":[],"class_list":["post-680","post","type-post","status-publish","format-standard","has-post-thumbnail","hentry","category-allgemein","entry"],"_links":{"self":[{"href":"https:\/\/biostation-hagen.de\/wp\/wp-json\/wp\/v2\/posts\/680","targetHints":{"allow":["GET"]}}],"collection":[{"href":"https:\/\/biostation-hagen.de\/wp\/wp-json\/wp\/v2\/posts"}],"about":[{"href":"https:\/\/biostation-hagen.de\/wp\/wp-json\/wp\/v2\/types\/post"}],"author":[{"embeddable":true,"href":"https:\/\/biostation-hagen.de\/wp\/wp-json\/wp\/v2\/users\/3"}],"replies":[{"embeddable":true,"href":"https:\/\/biostation-hagen.de\/wp\/wp-json\/wp\/v2\/comments?post=680"}],"version-history":[{"count":2,"href":"https:\/\/biostation-hagen.de\/wp\/wp-json\/wp\/v2\/posts\/680\/revisions"}],"predecessor-version":[{"id":721,"href":"https:\/\/biostation-hagen.de\/wp\/wp-json\/wp\/v2\/posts\/680\/revisions\/721"}],"wp:featuredmedia":[{"embeddable":true,"href":"https:\/\/biostation-hagen.de\/wp\/wp-json\/wp\/v2\/media\/657"}],"wp:attachment":[{"href":"https:\/\/biostation-hagen.de\/wp\/wp-json\/wp\/v2\/media?parent=680"}],"wp:term":[{"taxonomy":"category","embeddable":true,"href":"https:\/\/biostation-hagen.de\/wp\/wp-json\/wp\/v2\/categories?post=680"},{"taxonomy":"post_tag","embeddable":true,"href":"https:\/\/biostation-hagen.de\/wp\/wp-json\/wp\/v2\/tags?post=680"}],"curies":[{"name":"wp","href":"https:\/\/api.w.org\/{rel}","templated":true}]}}